{"id":899,"__str__":"Requerimento n\u00ba 33 de 2019","link_detail_backend":"/materia/899","metadata":{},"numero":33,"ano":2019,"numero_protocolo":351,"data_apresentacao":"2019-02-20","tipo_apresentacao":"E","data_publicacao":null,"numero_origem_externa":"","ano_origem_externa":null,"data_origem_externa":null,"apelido":"","dias_prazo":null,"data_fim_prazo":null,"em_tramitacao":false,"polemica":null,"objeto":"","complementar":null,"ementa":"Requer que seja encaminhada a esta Casa justificativa para o retardamento da publica\u00e7\u00e3o do decreto 722/2018, sendo que este decreto, sendo uma suplementa\u00e7\u00e3o or\u00e7ament\u00e1ria referente ao exerc\u00edcio de 2018, s\u00f3 veio a ser publicada no dia 07/02/2019 muito al\u00e9m da alegada de afixa\u00e7\u00e3o.","indexacao":"","observacao":"","resultado":"","texto_original":"http://sapl.caceres.mt.leg.br/media/sapl/public/materialegislativa/2019/899/prot.351_20022019_33_cezare.pdf","data_ultima_atualizacao":"2019-06-13T10:20:21.138750-04:00","ip":"","ultima_edicao":null,"tipo":4,"regime_tramitacao":2,"tipo_origem_externa":null,"local_origem_externa":null,"user":null,"anexadas":[],"autores":[3]}