{"id":887,"__str__":"Indica\u00e7\u00e3o n\u00ba 26 de 2019","link_detail_backend":"/materia/887","metadata":{},"numero":26,"ano":2019,"numero_protocolo":316,"data_apresentacao":"2019-02-15","tipo_apresentacao":"E","data_publicacao":null,"numero_origem_externa":"","ano_origem_externa":null,"data_origem_externa":null,"apelido":"","dias_prazo":null,"data_fim_prazo":null,"em_tramitacao":false,"polemica":null,"objeto":"","complementar":null,"ementa":"A Comiss\u00e3o de Sa\u00fade requer do Cons\u00f3rcio Municipal de Sa\u00fade presta\u00e7\u00e3o de contas do ano 2017 e 2018, em todos os aspectos financeiros, bens adquiridos, funcion\u00e1rios, ve\u00edculos e quais os patrim\u00f4nios material e imaterial.","indexacao":"","observacao":"","resultado":"","texto_original":"http://sapl.caceres.mt.leg.br/media/sapl/public/materialegislativa/2019/887/prot.316_15022019_26_valdeniriajeronimo_rosinei.pdf","data_ultima_atualizacao":"2019-03-25T12:04:08.331718-04:00","ip":"","ultima_edicao":null,"tipo":5,"regime_tramitacao":2,"tipo_origem_externa":null,"local_origem_externa":null,"user":null,"anexadas":[],"autores":[41]}