{"id":8128,"__str__":"Indica\u00e7\u00e3o n\u00ba 239 de 2024","link_detail_backend":"/materia/8128","metadata":{},"numero":239,"ano":2024,"numero_protocolo":422,"data_apresentacao":"2024-04-04","tipo_apresentacao":"E","data_publicacao":null,"numero_origem_externa":"","ano_origem_externa":null,"data_origem_externa":null,"apelido":"","dias_prazo":null,"data_fim_prazo":null,"em_tramitacao":false,"polemica":false,"objeto":"","complementar":false,"ementa":"O Vereador que abaixo subscreve prop\u00f5e \u00e0 nobre Mesa, consultado o augusto e soberano Plen\u00e1rio, na forma regimental, seja encaminhado expediente \u00e0 Excelent\u00edssima Senhora Prefeita ANT\u00d4NIA ELIENE LIBERATO DIAS, consubstanciado na seguinte Proposi\u00e7\u00e3o Plen\u00e1ria. Com meus cordiais cumprimentos, INDICO ao Poder Executivo Municipal a viabilidade de cria\u00e7\u00e3o de um espa\u00e7o exclusivo para atendimento Pedi\u00e1trico na UPA do nosso Munic\u00edpio de C\u00e1ceres/MT","indexacao":"","observacao":"","resultado":"","texto_original":"http://sapl.caceres.mt.leg.br/media/sapl/public/materialegislativa/2024/8128/indicacao_de_criacao_de_espaco_na_upa_assinado.pdf","data_ultima_atualizacao":"2024-07-04T11:10:38.029941-04:00","ip":"45.178.113.15","ultima_edicao":"2024-04-09T10:10:48.559607-04:00","tipo":5,"regime_tramitacao":4,"tipo_origem_externa":null,"local_origem_externa":null,"user":67,"anexadas":[],"autores":[76]}