{"id":8018,"__str__":"Requerimento n\u00ba 56 de 2024","link_detail_backend":"/materia/8018","metadata":{},"numero":56,"ano":2024,"numero_protocolo":312,"data_apresentacao":"2024-03-14","tipo_apresentacao":"E","data_publicacao":null,"numero_origem_externa":"","ano_origem_externa":null,"data_origem_externa":null,"apelido":"","dias_prazo":null,"data_fim_prazo":null,"em_tramitacao":false,"polemica":false,"objeto":"","complementar":false,"ementa":"O Vereador que abaixo subscreve prop\u00f5e \u00e0 nobre Mesa, consultado o augusto e soberano Plen\u00e1rio, na forma regimental, seja encaminhado expediente \u00e0 Excelent\u00edssima Senhora Prefeita ANT\u00d4NIA ELIENE LIBERATO DIAS, e ao Ilustr\u00edssimo Secret\u00e1rio Municipal de Infraestrutura e Log\u00edstica, Wesley de Sousa Lopes, consubstanciado na seguinte Proposi\u00e7\u00e3o Plen\u00e1ria:\r\n    \u2022 Requerendo informa\u00e7\u00f5es detalhadas sobre a paralisa\u00e7\u00e3o da obra na pra\u00e7a da feira","indexacao":"","observacao":"","resultado":"","texto_original":"http://sapl.caceres.mt.leg.br/media/sapl/public/materialegislativa/2024/8018/emissao_b1228cf535520a4bcd7bb8e6_oficio-interno-1.306-2024_assinado_versaoimpressao.pdf","data_ultima_atualizacao":"2024-07-10T09:38:40.268108-04:00","ip":"45.178.113.15","ultima_edicao":"2024-03-14T12:12:24.995362-04:00","tipo":4,"regime_tramitacao":4,"tipo_origem_externa":null,"local_origem_externa":null,"user":64,"anexadas":[],"autores":[70,77,73]}