{"id":7976,"__str__":"Indica\u00e7\u00e3o n\u00ba 147 de 2024","link_detail_backend":"/materia/7976","metadata":{},"numero":147,"ano":2024,"numero_protocolo":270,"data_apresentacao":"2024-03-07","tipo_apresentacao":"E","data_publicacao":null,"numero_origem_externa":"","ano_origem_externa":null,"data_origem_externa":null,"apelido":"","dias_prazo":null,"data_fim_prazo":null,"em_tramitacao":false,"polemica":false,"objeto":"","complementar":false,"ementa":"O Vereador que abaixo subscreve prop\u00f5e \u00e0 nobre Mesa, consultado o\r\naugusto e soberano Plen\u00e1rio, na forma regimental, seja encaminhado expediente \u00e0\r\nExcelent\u00edssima Prefeita Municipal ANT\u00d4NIA ELIENE LIBERATO DIAS, c/c ao\r\nSecret\u00e1rio Municipal de Sa\u00fade, V\u00edtor Miguel de Oliveira, consubstanciado na seguinte\r\nPreposi\u00e7\u00e3o Plen\u00e1ria:\r\nSolicitar, dentro dos requisitos legais, que seja regulamentado pelo setor competente\r\ndo Poder Executivo Municipal, a contrata\u00e7\u00e3o dos profissionais (06)\r\nAuxiliares de Sa\u00fade Bucal (ASB) ao Centro Especialidades Odontol\u00f3gicas e o Posto\r\nMunicipal de Sa\u00fade (Post\u00e3o); para que estas unidades tenham seus quadros completos,\r\nde acordo com as diretrizes estabelecidas pelo MS.","indexacao":"","observacao":"","resultado":"","texto_original":"http://sapl.caceres.mt.leg.br/media/sapl/public/materialegislativa/2024/7976/contratacao_dos_profissionais_auxiliares_de_saude_bucal.pdf","data_ultima_atualizacao":"2024-05-10T10:54:06.323469-04:00","ip":"45.178.113.15","ultima_edicao":"2024-03-12T10:46:28.120266-04:00","tipo":5,"regime_tramitacao":4,"tipo_origem_externa":null,"local_origem_externa":null,"user":67,"anexadas":[],"autores":[29]}