{"id":7574,"__str__":"Projeto de Lei (Executivo) n\u00ba 87 de 2023","link_detail_backend":"/materia/7574","metadata":{},"numero":87,"ano":2023,"numero_protocolo":1770,"data_apresentacao":"2023-11-27","tipo_apresentacao":"E","data_publicacao":null,"numero_origem_externa":"","ano_origem_externa":null,"data_origem_externa":null,"apelido":"","dias_prazo":null,"data_fim_prazo":null,"em_tramitacao":false,"polemica":false,"objeto":"","complementar":false,"ementa":"o Projeto de Lei N\u00ba 087, de 16 de outubro de 2023, que Altera a Lei n\u00ba 2.188, de 24 de junho de 2009, para transposi\u00e7\u00e3o do Regime Jur\u00eddico dos atuais ocupantes dos empregos p\u00fablicos de Agentes Comunit\u00e1rios de Sa\u00fade e Agente de Combate \u00e0s Endemias, regidos pela Consolida\u00e7\u00e3o das Leis do Trabalho (CLT), para o Regime Jur\u00eddico Estatut\u00e1rio e d\u00e1 outras provid\u00eancias.","indexacao":"","observacao":"Protocolo 2.014/2023 - 1Doc","resultado":"","texto_original":"http://sapl.caceres.mt.leg.br/media/sapl/public/materialegislativa/2023/7574/projeto_de_lei_do_executivo_no_087.pdf","data_ultima_atualizacao":"2024-01-15T08:40:51.774076-04:00","ip":"45.178.113.15","ultima_edicao":"2023-12-05T10:17:53.146901-04:00","tipo":14,"regime_tramitacao":4,"tipo_origem_externa":null,"local_origem_externa":null,"user":18,"anexadas":[],"autores":[79]}