{"id":7452,"__str__":"Mo\u00e7\u00e3o n\u00ba 64 de 2023","link_detail_backend":"/materia/7452","metadata":{},"numero":64,"ano":2023,"numero_protocolo":1648,"data_apresentacao":"2023-11-07","tipo_apresentacao":"E","data_publicacao":null,"numero_origem_externa":"","ano_origem_externa":null,"data_origem_externa":null,"apelido":"","dias_prazo":null,"data_fim_prazo":null,"em_tramitacao":true,"polemica":false,"objeto":"","complementar":false,"ementa":"O vereador que abaixo subscreve prop\u00f5e a nobre Mesa, com anu\u00eancia do Augusto e Soberano Plen\u00e1rio, na forma regimental, seja consignada nos anais desta Casa, a nota de Apoio e Solidariedade \u00c0 ilustre Prof. Dra. Maria do Socorro de Sousa Ara\u00fajo.","indexacao":"","observacao":"","resultado":"","texto_original":"http://sapl.caceres.mt.leg.br/media/sapl/public/materialegislativa/2023/7452/emissao_f5f56178060c2e26b37f2810_oficio-interno-5.325-2023_assinado_versaoimpressao.pdf","data_ultima_atualizacao":"2023-11-08T12:13:32.828646-04:00","ip":"45.178.113.15","ultima_edicao":"2023-11-07T12:59:43.192132-04:00","tipo":6,"regime_tramitacao":4,"tipo_origem_externa":null,"local_origem_externa":null,"user":18,"anexadas":[],"autores":[29,72,70,77,73,12]}