{"id":7412,"__str__":"Requerimento n\u00ba 333 de 2023","link_detail_backend":"/materia/7412","metadata":{"signs":{"texto_original":{"admin":[],"autores":[["Cezare Pastorello Marques de Paiva",["2023-10-26T10:31:32-04:00","ICP-Brasil"]]]}}},"numero":333,"ano":2023,"numero_protocolo":1607,"data_apresentacao":"2023-10-26","tipo_apresentacao":"E","data_publicacao":null,"numero_origem_externa":"","ano_origem_externa":null,"data_origem_externa":null,"apelido":"","dias_prazo":null,"data_fim_prazo":null,"em_tramitacao":true,"polemica":false,"objeto":"","complementar":false,"ementa":"Considerando que em C\u00e1ceres h\u00e1 uma n\u00famero limitado de vagas para o exerc\u00edcio da atividade de motot\u00e1xi, e que na aus\u00eancia da presta\u00e7\u00e3o do servi\u00e7o de Transporte P\u00fablico Urbano Coletivo essa tem sido a alternativa da popula\u00e7\u00e3o para se deslocar na cidade, e considerando a resposta de requerimento anterior: \u201cA par disso, a CET/SMFAZ dar\u00e1 in\u00edcio ao processo de fiscaliza\u00e7\u00e3o individual dos meios de transportes oferecidos \u00e0 popula\u00e7\u00e3o\u201d, de 26/07/2023, vimos requerer relat\u00f3rio das a\u00e7\u00f5es espec\u00edficas realizadas desde ent\u00e3o.","indexacao":"","observacao":"","resultado":"","texto_original":"http://sapl.caceres.mt.leg.br/media/sapl/public/materialegislativa/2023/7412/r_-_2023_47_-_eliene_-_fiscalizacao_moto_taxistas.pdf","data_ultima_atualizacao":"2023-11-28T08:28:55.713692-04:00","ip":"45.178.113.15","ultima_edicao":"2023-11-28T08:28:55.279275-04:00","tipo":4,"regime_tramitacao":4,"tipo_origem_externa":null,"local_origem_externa":null,"user":67,"anexadas":[],"autores":[3]}