{"id":7189,"__str__":"Indica\u00e7\u00e3o n\u00ba 831 de 2023","link_detail_backend":"/materia/7189","metadata":{"signs":{"texto_original":{"admin":[],"autores":[["Flavio Antonio Lara Silva",["2023-09-12T10:11:10-04:00","ICP-Brasil - Certificado PF A1"]]]}}},"numero":831,"ano":2023,"numero_protocolo":1384,"data_apresentacao":"2023-09-14","tipo_apresentacao":"E","data_publicacao":null,"numero_origem_externa":"","ano_origem_externa":null,"data_origem_externa":null,"apelido":"","dias_prazo":null,"data_fim_prazo":null,"em_tramitacao":false,"polemica":false,"objeto":"","complementar":false,"ementa":"\u201cIndica ao executivo com urg\u00eancia \r\na possibilidade de voltar a  sinaliza\u00e7\u00e3o que era antes \r\nde ida e volta ( m\u00e3o dupla)  da rua da Sa\u00fade em frente a Pra\u00e7a\r\nMajor Jo\u00e3o Carlos.","indexacao":"","observacao":"","resultado":"","texto_original":"http://sapl.caceres.mt.leg.br/media/sapl/public/materialegislativa/2023/7189/transito_da_rua_da_saude.pdf","data_ultima_atualizacao":"2023-12-05T11:27:57.819252-04:00","ip":"45.178.113.15","ultima_edicao":"2023-09-22T10:25:15.792394-04:00","tipo":5,"regime_tramitacao":4,"tipo_origem_externa":null,"local_origem_externa":null,"user":67,"anexadas":[],"autores":[71]}