{"id":7186,"__str__":"Indica\u00e7\u00e3o n\u00ba 829 de 2023","link_detail_backend":"/materia/7186","metadata":{},"numero":829,"ano":2023,"numero_protocolo":1381,"data_apresentacao":"2023-09-13","tipo_apresentacao":"","data_publicacao":null,"numero_origem_externa":"","ano_origem_externa":null,"data_origem_externa":null,"apelido":"","dias_prazo":null,"data_fim_prazo":null,"em_tramitacao":true,"polemica":false,"objeto":"","complementar":false,"ementa":"Indica a executivo e ao Programa de Prote\u00e7\u00e3o e Defesa do Consumidor PROCON de C\u00e1ceres-MT que intervenha e pare de cobrar a taxa de embarque que \u00e9 cobrada no terminal rodovi\u00e1rio Jos\u00e9 Palmiro, considerando que a cl\u00e1usula 2.6 do contrato n\u00b0 047/2004 prev\u00ea cobran\u00e7as apenas em embarques intermunicipais, interestaduais e internacionais e n\u00e3o municipais em C\u00e1ceres-MT","indexacao":"","observacao":"","resultado":"","texto_original":"http://sapl.caceres.mt.leg.br/media/sapl/public/materialegislativa/2023/7186/emissao_2929ed0be1e54f9b424018a9_oficio-interno-4.390-2023_assinado_versaoimpressao-3-4.pdf","data_ultima_atualizacao":"2023-09-20T11:21:29.264746-04:00","ip":"","ultima_edicao":null,"tipo":5,"regime_tramitacao":4,"tipo_origem_externa":null,"local_origem_externa":null,"user":null,"anexadas":[],"autores":[70]}