{"id":6979,"__str__":"Indica\u00e7\u00e3o n\u00ba 722 de 2023","link_detail_backend":"/materia/6979","metadata":{},"numero":722,"ano":2023,"numero_protocolo":1174,"data_apresentacao":"2023-08-03","tipo_apresentacao":"","data_publicacao":null,"numero_origem_externa":"","ano_origem_externa":null,"data_origem_externa":null,"apelido":"","dias_prazo":null,"data_fim_prazo":null,"em_tramitacao":false,"polemica":false,"objeto":"","complementar":false,"ementa":"\u201cIndica ao executivo Municipal e Secretaria Municipal de Cultura e Turismo, que sejam inclu\u00eddas no calend\u00e1rio festivo, espa\u00e7os para os povos de \r\nTerreiro no munic\u00edpio de C\u00e1ceres. No Munic\u00edpio de C\u00e1ceres\u201d","indexacao":"","observacao":"","resultado":"","texto_original":"http://sapl.caceres.mt.leg.br/media/sapl/public/materialegislativa/2023/6979/indicacao_da_insercao_de_povos_de_terreiros_em_eventos_festivos.pdf","data_ultima_atualizacao":"2023-09-06T13:34:49.943314-04:00","ip":"","ultima_edicao":null,"tipo":5,"regime_tramitacao":4,"tipo_origem_externa":null,"local_origem_externa":null,"user":null,"anexadas":[],"autores":[77]}