{"id":6904,"__str__":"Mo\u00e7\u00e3o n\u00ba 34 de 2023","link_detail_backend":"/materia/6904","metadata":{},"numero":34,"ano":2023,"numero_protocolo":1099,"data_apresentacao":"2023-07-13","tipo_apresentacao":"","data_publicacao":null,"numero_origem_externa":"","ano_origem_externa":null,"data_origem_externa":null,"apelido":"","dias_prazo":null,"data_fim_prazo":null,"em_tramitacao":true,"polemica":false,"objeto":"","complementar":false,"ementa":"Os Vereadores que a presente subscrevem, com assentos nesta Egr\u00e9gia Casa de Leis, vem atrav\u00e9s desta, ap\u00f3s ouvido o Egr\u00e9gio Plen\u00e1rio, manifestar sua solidariedade e encaminhar a presente MO\u00c7\u00c3O DE PESAR \u00e0 fam\u00edlia, pelo falecimento do senhor WALTER SOUZA FILHO (O Mano do Lanche), ocorrido no dia 12 de julho de 2023 (quarta-feira), na cidade de C\u00e1ceres/MT, em decorr\u00eancia de um c\u00e2ncer.","indexacao":"","observacao":"","resultado":"","texto_original":"http://sapl.caceres.mt.leg.br/media/sapl/public/materialegislativa/2023/6904/mocao_de_pesar_walter_souza_filho.pdf","data_ultima_atualizacao":"2023-07-19T10:05:57.593012-04:00","ip":"","ultima_edicao":null,"tipo":6,"regime_tramitacao":4,"tipo_origem_externa":null,"local_origem_externa":null,"user":null,"anexadas":[],"autores":[1]}