{"id":6856,"__str__":"Indica\u00e7\u00e3o n\u00ba 667 de 2023","link_detail_backend":"/materia/6856","metadata":{},"numero":667,"ano":2023,"numero_protocolo":1051,"data_apresentacao":"2023-07-06","tipo_apresentacao":"","data_publicacao":null,"numero_origem_externa":"","ano_origem_externa":null,"data_origem_externa":null,"apelido":"","dias_prazo":null,"data_fim_prazo":null,"em_tramitacao":false,"polemica":false,"objeto":"","complementar":false,"ementa":"Indica \u00e0 Excelent\u00edssima Prefeita Municipal de C\u00e1ceres Ant\u00f4nia Eliene Liberato Dias, com c\u00f3pia ao Coordenador de Tr\u00e2nsito da Prefeitura Municipal de C\u00e1ceres/MT, a pintura de sinaliza\u00e7\u00e3o vi\u00e1ria,  e as demarca\u00e7\u00f5es de tr\u00e2nsito principalmente das vias em que foram passada a lama asf\u00e1ltica recentemente  Munic\u00edpio de C\u00e1ceres-MT.","indexacao":"","observacao":"","resultado":"","texto_original":"http://sapl.caceres.mt.leg.br/media/sapl/public/materialegislativa/2023/6856/emissao_c5f0c1c0b222b033fa707b34_oficio-interno-3.245-2023_assinado_versaoimpressao.pdf","data_ultima_atualizacao":"2023-09-01T13:23:31.741555-04:00","ip":"","ultima_edicao":null,"tipo":5,"regime_tramitacao":4,"tipo_origem_externa":null,"local_origem_externa":null,"user":null,"anexadas":[],"autores":[70]}