{"id":6789,"__str__":"Indica\u00e7\u00e3o n\u00ba 626 de 2023","link_detail_backend":"/materia/6789","metadata":{},"numero":626,"ano":2023,"numero_protocolo":984,"data_apresentacao":"2023-06-27","tipo_apresentacao":"E","data_publicacao":null,"numero_origem_externa":"","ano_origem_externa":null,"data_origem_externa":null,"apelido":"","dias_prazo":null,"data_fim_prazo":null,"em_tramitacao":true,"polemica":false,"objeto":"","complementar":false,"ementa":"O Vereador Pastor J\u00fanior, respeitosamente INDICA a Chefe do Poder Executivo Municipal atrav\u00e9s da Secretaria Municipal de Educa\u00e7\u00e3o, solicita que seja  realizado a constru\u00e7\u00e3o de uma cobertura na Escola Municipal Frei Agri\u00e3o (EMEI), localizada Na Rua caba\u00e7al Bairro Cavalhada I. haja vista que a educa\u00e7\u00e3o infantil deve promover a integra\u00e7\u00e3o entre os aspectos f\u00edsicos, emocionais, afetivos, cognitivos e sociais.","indexacao":"","observacao":"","resultado":"","texto_original":"http://sapl.caceres.mt.leg.br/media/sapl/public/materialegislativa/2023/6789/construcao_de_uma_cobertura_na_creche_frei_agriao.pdf","data_ultima_atualizacao":"2023-07-11T11:28:55.917185-04:00","ip":"45.178.113.15","ultima_edicao":"2023-07-05T09:40:01.384865-04:00","tipo":5,"regime_tramitacao":4,"tipo_origem_externa":null,"local_origem_externa":null,"user":18,"anexadas":[],"autores":[76]}