{"id":6336,"__str__":"Mo\u00e7\u00e3o n\u00ba 9 de 2023","link_detail_backend":"/materia/6336","metadata":{},"numero":9,"ano":2023,"numero_protocolo":530,"data_apresentacao":"2023-04-13","tipo_apresentacao":"","data_publicacao":null,"numero_origem_externa":"","ano_origem_externa":null,"data_origem_externa":null,"apelido":"","dias_prazo":null,"data_fim_prazo":null,"em_tramitacao":true,"polemica":false,"objeto":"","complementar":false,"ementa":"Os vereadores que abaixo subscreve prop\u00f5e a nobre Mesa, com anu\u00eancia do Augusto e Soberano Plen\u00e1rio, na forma regimental, seja\r\nconsignada nos anais desta Casa, uma Mo\u00e7\u00e3o de Aplausos ao ilustre senhor Iraj\u00e1 Rezende de Lacerda, pelos relevantes servi\u00e7os prestados em prol da comunidade cacerense.","indexacao":"","observacao":"","resultado":"","texto_original":"http://sapl.caceres.mt.leg.br/media/sapl/public/materialegislativa/2023/6336/mocao_assinada_vereadores.pdf","data_ultima_atualizacao":"2023-04-18T14:59:42.808169-04:00","ip":"177.201.109.60","ultima_edicao":"2023-04-13T15:44:15.798496-04:00","tipo":6,"regime_tramitacao":4,"tipo_origem_externa":null,"local_origem_externa":null,"user":18,"anexadas":[],"autores":[71,68]}