{"id":5411,"__str__":"Requerimento n\u00ba 209 de 2022","link_detail_backend":"/materia/5411","metadata":{},"numero":209,"ano":2022,"numero_protocolo":3807,"data_apresentacao":"2022-09-30","tipo_apresentacao":"E","data_publicacao":null,"numero_origem_externa":"","ano_origem_externa":null,"data_origem_externa":null,"apelido":"","dias_prazo":null,"data_fim_prazo":null,"em_tramitacao":false,"polemica":false,"objeto":"","complementar":false,"ementa":"Solicitando da Excelent\u00edssima Prefeita Municipal Ant\u00f4nia Eliene Liberato Dias, com c\u00f3pia a todos os Secret\u00e1rios Municipais da Prefeitura Municipal de C\u00e1ceres, as c\u00f3pias integrais de todos os pedidos (Of\u00edcios/Requerimentos), solicitando o uso dos \u00f4nibus das Secretarias Municipais, por terceiros, com as respectivas decis\u00f5es administrativas, deferindo ou indeferindo os pedidos, entre os dias 01/01/2021 a 30/09/2022, no munic\u00edpio de C\u00e1ceres/MT;\r\n\r\nAbertura de uma investiga\u00e7\u00e3o pela Comiss\u00e3o de Fiscaliza\u00e7\u00e3o e Controle da C\u00e2mara Municipal de C\u00e1ceres, com fundamento no artigo 44, inciso I, do Regimento Interno, para apurar a participa\u00e7\u00e3o da Excelent\u00edssima Prefeita Municipal de C\u00e1ceres na cess\u00e3o do \u00f4nibus \u00e0 Associa\u00e7\u00e3o Desportiva de C\u00e1ceres/MT, nas v\u00e9speras das elei\u00e7\u00f5es para Governador, Deputados Estadual e Federal, Senador e Presidente da Rep\u00fablica, e, tamb\u00e9m em per\u00edodo em que estava afastada do cargo de Prefeita Municipal, para assuntos de interesse particular (Decreto Legislativo n\u00ba 36/2022, publicado no Di\u00e1rio Oficial do Munic\u00edpio em 15/09/2022), conforme reportagem publicada pelo Jornal Folha 5 no dia 30/09/2022\u201d","indexacao":"","observacao":"","resultado":"","texto_original":"http://sapl.caceres.mt.leg.br/media/sapl/public/materialegislativa/2022/5411/requerimento_uso_de_onibus_2.pdf","data_ultima_atualizacao":"2022-12-13T16:30:03.813049-04:00","ip":"45.178.113.15","ultima_edicao":"2022-09-30T11:24:24.644056-04:00","tipo":4,"regime_tramitacao":4,"tipo_origem_externa":null,"local_origem_externa":null,"user":45,"anexadas":[],"autores":[70,73]}