{"id":4753,"__str__":"Requerimento n\u00ba 112 de 2022","link_detail_backend":"/materia/4753","metadata":{},"numero":112,"ano":2022,"numero_protocolo":2230,"data_apresentacao":"2022-05-20","tipo_apresentacao":"E","data_publicacao":null,"numero_origem_externa":"","ano_origem_externa":null,"data_origem_externa":null,"apelido":"","dias_prazo":null,"data_fim_prazo":null,"em_tramitacao":false,"polemica":false,"objeto":"","complementar":false,"ementa":"Requer do Conselho Municipal de Direitos da Crian\u00e7a e do Adolescente informa\u00e7\u00f5es quanto \u00e0 elabora\u00e7\u00e3o e publica\u00e7\u00e3o de Edital de inscri\u00e7\u00e3o das institui\u00e7\u00f5es que tenham interesse na capta\u00e7\u00e3o de recursos, para realiza\u00e7\u00e3o de projetos no \u00e2mbito da inf\u00e2ncia e juventude, a ser financiado pelo Fundo Municipal de Direitos da Crian\u00e7a e do Adolescente.","indexacao":"","observacao":"","resultado":"","texto_original":"http://sapl.caceres.mt.leg.br/media/sapl/public/materialegislativa/2022/4753/0001.pdf","data_ultima_atualizacao":"2022-08-01T11:54:04.087695-04:00","ip":"45.178.113.15","ultima_edicao":"2022-05-20T12:42:09.073215-04:00","tipo":4,"regime_tramitacao":4,"tipo_origem_externa":null,"local_origem_externa":null,"user":45,"anexadas":[],"autores":[10]}