{"id":4427,"__str__":"Indica\u00e7\u00e3o n\u00ba 251 de 2022","link_detail_backend":"/materia/4427","metadata":{},"numero":251,"ano":2022,"numero_protocolo":1107,"data_apresentacao":"2022-03-21","tipo_apresentacao":"E","data_publicacao":null,"numero_origem_externa":"","ano_origem_externa":null,"data_origem_externa":null,"apelido":"","dias_prazo":null,"data_fim_prazo":null,"em_tramitacao":false,"polemica":false,"objeto":"","complementar":false,"ementa":"Tem\u00e1tica: O vereador Fl\u00e1vio Nega\u00e7\u00e3o, indica e pede encarecidamente aos \u00f3rg\u00e3os respons\u00e1veis que a fa\u00e7a o Patrolamento e cascalhamento das seguintes ruas do bairro Vila Mariana.","indexacao":"","observacao":"","resultado":"","texto_original":"http://sapl.caceres.mt.leg.br/media/sapl/public/materialegislativa/2022/4427/celina_vila_mariana_patrolamento_de_ruas.pdf","data_ultima_atualizacao":"2022-05-10T16:44:04.778511-04:00","ip":"45.178.113.15","ultima_edicao":"2022-03-21T12:31:04.885173-04:00","tipo":5,"regime_tramitacao":4,"tipo_origem_externa":null,"local_origem_externa":null,"user":45,"anexadas":[],"autores":[71]}