{"id":4022,"__str__":"Mo\u00e7\u00e3o n\u00ba 58 de 2021","link_detail_backend":"/materia/4022","metadata":{},"numero":58,"ano":2021,"numero_protocolo":5129,"data_apresentacao":"2021-12-16","tipo_apresentacao":"E","data_publicacao":null,"numero_origem_externa":"","ano_origem_externa":null,"data_origem_externa":null,"apelido":"","dias_prazo":null,"data_fim_prazo":null,"em_tramitacao":true,"polemica":false,"objeto":"","complementar":false,"ementa":"A C\u00e2mara Municipal de C\u00e1ceres, representada pelo vereador Fl\u00e1vio Nega\u00e7\u00e3o que a comp\u00f5e e expressando o pensamento da sociedade Cacerense, concedeu a solenidade de mo\u00e7\u00e3o de aplausos aos seguinte Bombeiros Militar do Munic\u00edpio de C\u00e1ceres pelos relevantes servi\u00e7os prestados ao munic\u00edpio. S\u00e3o eles:\r\n1 - Cabo Eduardo Ferreira Bergano\r\n2 - Sargento Valdemir de oliveira\r\n3 - Subtenente Jos\u00e9 Carlos da Mota","indexacao":"","observacao":"","resultado":"","texto_original":"http://sapl.caceres.mt.leg.br/media/sapl/public/materialegislativa/2021/4022/mocao_bombeiros.pdf","data_ultima_atualizacao":"2022-01-20T09:21:11.833148-04:00","ip":"45.233.138.253","ultima_edicao":"2021-12-16T08:01:55.416275-04:00","tipo":6,"regime_tramitacao":4,"tipo_origem_externa":null,"local_origem_externa":null,"user":45,"anexadas":[],"autores":[71]}