{"id":3785,"__str__":"Requerimento n\u00ba 239 de 2021","link_detail_backend":"/materia/3785","metadata":{},"numero":239,"ano":2021,"numero_protocolo":4542,"data_apresentacao":"2021-11-12","tipo_apresentacao":"E","data_publicacao":null,"numero_origem_externa":"","ano_origem_externa":null,"data_origem_externa":null,"apelido":"","dias_prazo":null,"data_fim_prazo":null,"em_tramitacao":false,"polemica":false,"objeto":"","complementar":false,"ementa":"1. Considerando que a Lei Complementar 47/2003 traz, no seu Art. 39, I, a expressa refer\u00eancia aos 45 dias de f\u00e9rias dos professores \r\nem  exerc\u00edcio,  e  o  Art.  40  o  pagamento  do  adicional  de  1/3 correspondente ao per\u00edodo de f\u00e9rias (de 45 dias), sendo vedado o \r\nc\u00f4mputo do recesso como f\u00e9rias (Art. 39, \u00a71\u00ba\u00ba, vem REQUERER justificativa para o n\u00e3o-pagamento integral do direito legal nos \r\nanos anteriores a 2021. \r\n2. Requer  ainda,  este  vereador,  o  encaminhamento  de  quaisquer pareceres internos sobre o tema \r\n3. O impacto financeiro para o pagamento integral do ter\u00e7o adicional de f\u00e9rias e; \r\n4. A previs\u00e3o do pagamento integral no ano de 2021.","indexacao":"","observacao":"","resultado":"","texto_original":"http://sapl.caceres.mt.leg.br/media/sapl/public/materialegislativa/2021/3785/r_-_2021_15_-_sma_-_adicional_de_ferias.pdf","data_ultima_atualizacao":"2022-04-06T16:12:58.473437-04:00","ip":"45.233.138.253","ultima_edicao":"2021-11-12T10:01:32.149263-04:00","tipo":4,"regime_tramitacao":4,"tipo_origem_externa":null,"local_origem_externa":null,"user":45,"anexadas":[],"autores":[3]}