{"id":2483,"__str__":"Indica\u00e7\u00e3o n\u00ba 127 de 2021","link_detail_backend":"/materia/2483","metadata":{},"numero":127,"ano":2021,"numero_protocolo":624,"data_apresentacao":"2021-02-23","tipo_apresentacao":"E","data_publicacao":null,"numero_origem_externa":"","ano_origem_externa":null,"data_origem_externa":null,"apelido":"","dias_prazo":null,"data_fim_prazo":null,"em_tramitacao":false,"polemica":false,"objeto":"","complementar":false,"ementa":"O vereador Fl\u00e1vio Nega\u00e7\u00e3o, faz indica\u00e7\u00e3o e pede encarecidamente aos \u00f3rg\u00e3os respons\u00e1veis que a fa\u00e7a limpeza das bocas de lobo do residencial Valter Fidelis bairro Vila Real.","indexacao":"","observacao":"","resultado":"","texto_original":"http://sapl.caceres.mt.leg.br/media/sapl/public/materialegislativa/2021/2483/boca_de_lobo_valter_fidelis.pdf","data_ultima_atualizacao":"2021-05-07T16:30:32.205412-04:00","ip":"45.233.138.253","ultima_edicao":"2021-03-24T11:22:34.290095-04:00","tipo":5,"regime_tramitacao":3,"tipo_origem_externa":null,"local_origem_externa":null,"user":18,"anexadas":[],"autores":[71]}