{"id":2316,"__str__":"Indica\u00e7\u00e3o n\u00ba 17 de 2021","link_detail_backend":"/materia/2316","metadata":{},"numero":17,"ano":2021,"numero_protocolo":224,"data_apresentacao":"2021-01-29","tipo_apresentacao":"E","data_publicacao":null,"numero_origem_externa":"","ano_origem_externa":null,"data_origem_externa":null,"apelido":"","dias_prazo":null,"data_fim_prazo":null,"em_tramitacao":false,"polemica":false,"objeto":"","complementar":false,"ementa":"Tem\u00e1tica: Limpeza de todas as pra\u00e7as p\u00fablicas da cidade, em espec\u00edfico na pracinha do Gerald\u00e3o e tamb\u00e9m a pra\u00e7a do Caic.","indexacao":"","observacao":"","resultado":"","texto_original":null,"data_ultima_atualizacao":"2021-03-05T12:44:03.748517-04:00","ip":"45.233.138.253","ultima_edicao":"2021-02-05T11:18:55.715161-04:00","tipo":5,"regime_tramitacao":4,"tipo_origem_externa":null,"local_origem_externa":null,"user":18,"anexadas":[],"autores":[75]}