{"id":1481,"__str__":"Indica\u00e7\u00e3o n\u00ba 249 de 2019","link_detail_backend":"/materia/1481","metadata":{},"numero":249,"ano":2019,"numero_protocolo":2267,"data_apresentacao":"2019-08-30","tipo_apresentacao":"E","data_publicacao":null,"numero_origem_externa":"","ano_origem_externa":null,"data_origem_externa":null,"apelido":"","dias_prazo":null,"data_fim_prazo":null,"em_tramitacao":true,"polemica":null,"objeto":"","complementar":null,"ementa":"Indica ao Deputado Estadual Valmir Moretto o aumento do n\u00famero de M\u00e9dicos Legistas no IML de C\u00e1ceres.","indexacao":"","observacao":"","resultado":"","texto_original":null,"data_ultima_atualizacao":"2019-09-04T09:30:58.936196-04:00","ip":"","ultima_edicao":null,"tipo":5,"regime_tramitacao":4,"tipo_origem_externa":null,"local_origem_externa":null,"user":null,"anexadas":[],"autores":[2,32,4,5,6,7,8,9,3,10,11,12,1,13,14,15]}