{"id":10968,"__str__":"Indica\u00e7\u00e3o n\u00ba 118 de 2026","link_detail_backend":"/materia/10968","metadata":{},"numero":118,"ano":2026,"numero_protocolo":210,"data_apresentacao":"2026-03-13","tipo_apresentacao":"","data_publicacao":null,"numero_origem_externa":"","ano_origem_externa":null,"data_origem_externa":null,"apelido":"","dias_prazo":null,"data_fim_prazo":null,"em_tramitacao":true,"polemica":false,"objeto":"","complementar":false,"ementa":"O Vereador Pastor J\u00fanior, no uso de suas atribui\u00e7\u00f5es regimentais, solicita \r\nao Poder Executivo Municipal que seja realizada a instala\u00e7\u00e3o de guarda-corpo \r\n(prote\u00e7\u00e3o lateral) nas imedia\u00e7\u00f5es da Rua das Cam\u00e9lias e da Avenida Tancredo \r\nNeves, no munic\u00edpio de C\u00e1ceres, visando aumentar a seguran\u00e7a de pedestres, ciclistas \r\ne condutores que transitam pela regi\u00e3o.","indexacao":"","observacao":"","resultado":"","texto_original":"http://sapl.caceres.mt.leg.br/media/sapl/public/materialegislativa/2026/10968/indicacao_guarda_corpo.pdf","data_ultima_atualizacao":"2026-03-19T10:06:12.318035-04:00","ip":"","ultima_edicao":null,"tipo":5,"regime_tramitacao":4,"tipo_origem_externa":null,"local_origem_externa":null,"user":null,"anexadas":[],"autores":[76]}