{"id":10699,"__str__":"Indica\u00e7\u00e3o n\u00ba 845 de 2025","link_detail_backend":"/materia/10699","metadata":{"signs":{"texto_original":{"admin":[],"autores":[["Camara Municipal Caceres",["2025-12-08T16:58:04Z","ICP-Brasil"]]]}}},"numero":845,"ano":2025,"numero_protocolo":1470,"data_apresentacao":"2025-12-09","tipo_apresentacao":"E","data_publicacao":null,"numero_origem_externa":"","ano_origem_externa":null,"data_origem_externa":null,"apelido":"","dias_prazo":null,"data_fim_prazo":null,"em_tramitacao":true,"polemica":false,"objeto":"","complementar":false,"ementa":"O Vereador Pastor J\u00fanior, no uso de suas atribui\u00e7\u00f5es regimentais, solicita \r\nao Deputado Estadual Beto Dois a Um a destina\u00e7\u00e3o de emenda parlamentar para \r\natender o Assentamento PROCAR \u2013 \u00c1gua Boa, localizado na comunidade de \r\nClarin\u00f3polis, por meio da aquisi\u00e7\u00e3o de uma balan\u00e7a digital bovina com tronco de \r\nconten\u00e7\u00e3o e de uma silhadeira destinada \u00e0 produ\u00e7\u00e3o de silagem e ra\u00e7\u00e3o para o \r\ngado.","indexacao":"","observacao":"","resultado":"","texto_original":"http://sapl.caceres.mt.leg.br/media/sapl/public/materialegislativa/2025/10699/indicacao_assentamento_procar.pdf","data_ultima_atualizacao":"2026-01-29T12:46:58.658510-04:00","ip":"45.178.113.15","ultima_edicao":"2025-12-17T12:32:40.138388-04:00","tipo":5,"regime_tramitacao":4,"tipo_origem_externa":null,"local_origem_externa":null,"user":67,"anexadas":[],"autores":[76]}