{"id":10582,"__str__":"Requerimento n\u00ba 263 de 2025","link_detail_backend":"/materia/10582","metadata":{"signs":{"texto_original":{"admin":[],"autores":[["Camara Municipal Caceres",["2025-11-07T15:41:41Z","ICP-Brasil"]]]}}},"numero":263,"ano":2025,"numero_protocolo":1353,"data_apresentacao":"2025-11-07","tipo_apresentacao":"E","data_publicacao":null,"numero_origem_externa":"","ano_origem_externa":null,"data_origem_externa":null,"apelido":"","dias_prazo":null,"data_fim_prazo":null,"em_tramitacao":false,"polemica":false,"objeto":"","complementar":false,"ementa":"\u201cSolicita ao Executivo Municipal, com c\u00f3pias a Secretaria Municipal de Educa\u00e7\u00e3o, informa\u00e7\u00f5es sobre a contrata\u00e7\u00e3o dos ADIs, como crit\u00e9rios, capacita\u00e7\u00e3o e outros.\u201d","indexacao":"","observacao":"","resultado":"","texto_original":"http://sapl.caceres.mt.leg.br/media/sapl/public/materialegislativa/2025/10582/requerimento_046_adis.pdf","data_ultima_atualizacao":"2026-01-20T12:20:53.625812-04:00","ip":"45.178.113.15","ultima_edicao":"2025-11-11T11:26:18.320248-04:00","tipo":4,"regime_tramitacao":4,"tipo_origem_externa":null,"local_origem_externa":null,"user":67,"anexadas":[],"autores":[9]}