{"id":10398,"__str__":"Indica\u00e7\u00e3o n\u00ba 673 de 2025","link_detail_backend":"/materia/10398","metadata":{"signs":{"texto_original":{"admin":[],"autores":[["Camara Municipal Caceres",["2025-10-02T12:48:10Z","ICP-Brasil"]]]}}},"numero":673,"ano":2025,"numero_protocolo":1168,"data_apresentacao":"2025-10-02","tipo_apresentacao":"E","data_publicacao":null,"numero_origem_externa":"","ano_origem_externa":null,"data_origem_externa":null,"apelido":"","dias_prazo":null,"data_fim_prazo":null,"em_tramitacao":false,"polemica":false,"objeto":"","complementar":false,"ementa":"O Vereador ISAIAS BEZERRA  solicita que seja encaminhado expediente \u00e0\r\nExcelent\u00edssima Senhora Prefeita ANT\u00d4NIA\r\nELIENE LIBERATO DIAS, com c\u00f3pia ao \u00d3rg\u00e3o\r\ncompetente, a  Implementa\u00e7\u00e3o de (02) dois quebramolas na Travessa da Luz com Placas de\r\nSinaliza\u00e7\u00e3o Vertical e Horizontal,  por ser uma via de m\u00e3o dupla e que faz divisa com a Avenida do Estado de grande movimenta\u00e7\u00e3o de veiculos automotores. \r\nSendo da seguinte forma:\r\n* O primeiro quebra-molas, dever\u00e1 ser instalado com a Placa de Sinaliza\u00e7\u00e3o no trecho que\r\nadentra da Avenida Get\u00falio Vargas para a Travessa da Luz, antes de chegar \u00e0 Avenida do Estado.\r\n\r\n* O segundo quebra-molas, dever\u00e1 ser instalado na mesma Travessa da Luz, no sentido de quem\r\nvem da Avenida Jos\u00e9 Palmiro da Silva, antes de adentrar na Avenida do Estado.","indexacao":"","observacao":"","resultado":"","texto_original":"http://sapl.caceres.mt.leg.br/media/sapl/public/materialegislativa/2025/10398/indicacao_quebra_molas_assinada.pdf","data_ultima_atualizacao":"2025-11-24T11:41:03.029504-04:00","ip":"45.178.113.15","ultima_edicao":"2025-10-08T08:06:14.574473-04:00","tipo":5,"regime_tramitacao":4,"tipo_origem_externa":null,"local_origem_externa":null,"user":67,"anexadas":[],"autores":[75]}