{"id":10067,"__str__":"Mo\u00e7\u00e3o n\u00ba 34 de 2025","link_detail_backend":"/materia/10067","metadata":{"signs":{"texto_original":{"admin":[],"autores":[["1Doc Tecnologia S A",["2025-07-10T14:43:09Z","ICP-Brasil - videoconferencia"]]]}}},"numero":34,"ano":2025,"numero_protocolo":836,"data_apresentacao":"2025-07-10","tipo_apresentacao":"E","data_publicacao":null,"numero_origem_externa":"","ano_origem_externa":null,"data_origem_externa":null,"apelido":"","dias_prazo":null,"data_fim_prazo":null,"em_tramitacao":true,"polemica":false,"objeto":"","complementar":false,"ementa":"\u201cMo\u00e7\u00e3o de Aplausos ao Ilustre Arcebispo Dom Ant\u00f4nio Em\u00eddio Vilar escolhido pelo Papa Le\u00e3o XIV para ser o primeiro arcebispo de S\u00e3o Jos\u00e9 do Rio Preto no estado de S\u00e3o Paulo\u201d","indexacao":"","observacao":"","resultado":"","texto_original":"http://sapl.caceres.mt.leg.br/media/sapl/public/materialegislativa/2025/10067/mocao_de_aplausos_-_arcebispo.pdf","data_ultima_atualizacao":"2025-07-17T08:47:31.008375-04:00","ip":"45.178.113.15","ultima_edicao":"2025-07-17T08:44:30.228422-04:00","tipo":6,"regime_tramitacao":4,"tipo_origem_externa":null,"local_origem_externa":null,"user":67,"anexadas":[],"autores":[71,9,121,70]}