{"id":19992,"__str__":"Of\u00edcio - Of\u00edcio n\u00ba 013_2025 - Gab_Ver_Jer\u00f4nimo_Gon\u00e7alves_PL de 08/05/2025 por VEREADOR JER\u00d4NIMO GON\u00c7ALVES \u2013 PL","link_detail_backend":"/materia/documentoacessorio/19992","metadata":{},"nome":"Of\u00edcio n\u00ba 013_2025 - Gab_Ver_Jer\u00f4nimo_Gon\u00e7alves_PL","data":"2025-05-08","autor":"VEREADOR JER\u00d4NIMO GON\u00c7ALVES \u2013 PL","ementa":"","indexacao":"","arquivo":"http://sapl.caceres.mt.leg.br/media/sapl/public/documentoacessorio/2025/19992/of_int_2.537_req_44_59_67_2025_dilacao_prazo.pdf","data_ultima_atualizacao":"2025-05-14T11:25:31.734500-04:00","materia":9542,"tipo":10}